{"id":183,"date":"2019-08-13T19:13:18","date_gmt":"2019-08-13T19:13:18","guid":{"rendered":"https:\/\/www.vcgpartners.mx\/noticias\/?p=183"},"modified":"2019-08-13T23:20:39","modified_gmt":"2019-08-13T23:20:39","slug":"americas-tax-pro-bono-firm-of-the-year","status":"publish","type":"post","link":"https:\/\/www.vcgpartners.mx\/eng\/americas-tax-pro-bono-firm-of-the-year\/","title":{"rendered":"Americas Tax Pro Bono Firm of the Year"},"content":{"rendered":"<figure class=\"wp-block-image\"><img loading=\"lazy\" decoding=\"async\" width=\"1024\" height=\"576\" src=\"https:\/\/www.vcgpartners.mx\/noticias\/wp-content\/uploads\/2019\/08\/portada-pro-bono-vcg-1024x576.jpg\" alt=\"\" class=\"wp-image-184\" srcset=\"https:\/\/www.vcgpartners.mx\/wp-content\/uploads\/2019\/08\/portada-pro-bono-vcg-1024x576.jpg 1024w, https:\/\/www.vcgpartners.mx\/wp-content\/uploads\/2019\/08\/portada-pro-bono-vcg-300x169.jpg 300w, https:\/\/www.vcgpartners.mx\/wp-content\/uploads\/2019\/08\/portada-pro-bono-vcg-768x432.jpg 768w, https:\/\/www.vcgpartners.mx\/wp-content\/uploads\/2019\/08\/portada-pro-bono-vcg-1110x624.jpg 1110w, https:\/\/www.vcgpartners.mx\/wp-content\/uploads\/2019\/08\/portada-pro-bono-vcg-528x297.jpg 528w, https:\/\/www.vcgpartners.mx\/wp-content\/uploads\/2019\/08\/portada-pro-bono-vcg.jpg 1920w\" sizes=\"auto, (max-width: 1024px) 100vw, 1024px\" \/><\/figure>\n\n\n\n<p>VCG Partners ha sido nominada para recibir el reconocimiento &#8220;Americas Tax Pro Bono Firm of the Year&#8221;, otorgado por la editorial &#8220;International Tax Review&#8221;.<br><br>En la misma categor\u00eda se encuentran dos firmas de Brasil; el ganador ser\u00e1 anunciado el 19 de septiembre en la ciudad de Nueva York.<br><br>Adem\u00e1s de nuestra responsabilidad profesional en todos los proyectos en los que participamos, como asesores, tenemos un compromiso muy importante para contribuir al desarrollo de nuestra comunidad.<\/p>","protected":false},"excerpt":{"rendered":"<p>VCG Partners ha sido nominada para recibir el reconocimiento &#8220;Americas Tax Pro Bono Firm of the Year&#8221;, otorgado por la editorial &#8220;International Tax Review&#8221;. En la misma categor\u00eda se encuentran dos firmas de Brasil; el ganador ser\u00e1 anunciado el 19 de septiembre en la ciudad de Nueva York. Adem\u00e1s de nuestra responsabilidad profesional en todos [&#8230;]\n","protected":false},"author":1,"featured_media":185,"comment_status":"open","ping_status":"open","sticky":false,"template":"","format":"standard","meta":{"footnotes":""},"categories":[10],"tags":[],"class_list":["post-183","post","type-post","status-publish","format-standard","has-post-thumbnail","hentry","category-comunicados-2019"],"_links":{"self":[{"href":"https:\/\/www.vcgpartners.mx\/eng\/wp-json\/wp\/v2\/posts\/183","targetHints":{"allow":["GET"]}}],"collection":[{"href":"https:\/\/www.vcgpartners.mx\/eng\/wp-json\/wp\/v2\/posts"}],"about":[{"href":"https:\/\/www.vcgpartners.mx\/eng\/wp-json\/wp\/v2\/types\/post"}],"author":[{"embeddable":true,"href":"https:\/\/www.vcgpartners.mx\/eng\/wp-json\/wp\/v2\/users\/1"}],"replies":[{"embeddable":true,"href":"https:\/\/www.vcgpartners.mx\/eng\/wp-json\/wp\/v2\/comments?post=183"}],"version-history":[{"count":3,"href":"https:\/\/www.vcgpartners.mx\/eng\/wp-json\/wp\/v2\/posts\/183\/revisions"}],"predecessor-version":[{"id":188,"href":"https:\/\/www.vcgpartners.mx\/eng\/wp-json\/wp\/v2\/posts\/183\/revisions\/188"}],"wp:featuredmedia":[{"embeddable":true,"href":"https:\/\/www.vcgpartners.mx\/eng\/wp-json\/wp\/v2\/media\/185"}],"wp:attachment":[{"href":"https:\/\/www.vcgpartners.mx\/eng\/wp-json\/wp\/v2\/media?parent=183"}],"wp:term":[{"taxonomy":"category","embeddable":true,"href":"https:\/\/www.vcgpartners.mx\/eng\/wp-json\/wp\/v2\/categories?post=183"},{"taxonomy":"post_tag","embeddable":true,"href":"https:\/\/www.vcgpartners.mx\/eng\/wp-json\/wp\/v2\/tags?post=183"}],"curies":[{"name":"wp","href":"https:\/\/api.w.org\/{rel}","templated":true}]}}